{"id":4,"name":"Thomas Daems","url":"","description":"","link":"https:\/\/www.mrsenat.be\/cahiers-du-senat\/author\/daems\/","slug":"daems","avatar_urls":{"24":"https:\/\/secure.gravatar.com\/avatar\/4ed54e5f073b79414638d864141fd96091fdfc10dba3815636e152a603e4ec0b?s=24&d=mm&r=g","48":"https:\/\/secure.gravatar.com\/avatar\/4ed54e5f073b79414638d864141fd96091fdfc10dba3815636e152a603e4ec0b?s=48&d=mm&r=g","96":"https:\/\/secure.gravatar.com\/avatar\/4ed54e5f073b79414638d864141fd96091fdfc10dba3815636e152a603e4ec0b?s=96&d=mm&r=g"},"meta":[],"yoast_head":"<!-- This site is optimized with the Yoast SEO plugin v27.2 - https:\/\/yoast.com\/product\/yoast-seo-wordpress\/ -->\n<title>Thomas Daems, auteur sur Cahiers du S\u00e9nat<\/title>\n<meta name=\"robots\" content=\"index, follow, max-snippet:-1, max-image-preview:large, max-video-preview:-1\" \/>\n<link rel=\"canonical\" href=\"https:\/\/www.mrsenat.be\/cahiers-du-senat\/author\/daems\/\" \/>\n<meta property=\"og:locale\" content=\"fr_FR\" \/>\n<meta property=\"og:type\" content=\"profile\" \/>\n<meta property=\"og:title\" content=\"Thomas Daems, auteur sur Cahiers du S\u00e9nat\" \/>\n<meta property=\"og:url\" content=\"https:\/\/www.mrsenat.be\/cahiers-du-senat\/author\/daems\/\" \/>\n<meta property=\"og:site_name\" content=\"Cahiers du S\u00e9nat\" \/>\n<meta property=\"og:image\" content=\"https:\/\/secure.gravatar.com\/avatar\/d061a74a5a86dcea25486e6debaa78d1?s=500&d=mm&r=g\" \/>\n<meta name=\"twitter:card\" content=\"summary_large_image\" \/>\n<script type=\"application\/ld+json\" class=\"yoast-schema-graph\">{\"@context\":\"https:\/\/schema.org\",\"@graph\":[{\"@type\":\"ProfilePage\",\"@id\":\"https:\/\/www.mrsenat.be\/cahiers-du-senat\/author\/daems\/\",\"url\":\"https:\/\/www.mrsenat.be\/cahiers-du-senat\/author\/daems\/\",\"name\":\"Thomas Daems, auteur sur Cahiers du S\u00e9nat\",\"isPartOf\":{\"@id\":\"https:\/\/www.mrsenat.be\/cahiers-du-senat\/#website\"},\"breadcrumb\":{\"@id\":\"https:\/\/www.mrsenat.be\/cahiers-du-senat\/author\/daems\/#breadcrumb\"},\"inLanguage\":\"fr-FR\",\"potentialAction\":[{\"@type\":\"ReadAction\",\"target\":[\"https:\/\/www.mrsenat.be\/cahiers-du-senat\/author\/daems\/\"]}]},{\"@type\":\"BreadcrumbList\",\"@id\":\"https:\/\/www.mrsenat.be\/cahiers-du-senat\/author\/daems\/#breadcrumb\",\"itemListElement\":[{\"@type\":\"ListItem\",\"position\":1,\"name\":\"Accueil\",\"item\":\"https:\/\/www.mrsenat.be\/cahiers-du-senat\/\"},{\"@type\":\"ListItem\",\"position\":2,\"name\":\"Archives pour Thomas Daems\"}]},{\"@type\":\"WebSite\",\"@id\":\"https:\/\/www.mrsenat.be\/cahiers-du-senat\/#website\",\"url\":\"https:\/\/www.mrsenat.be\/cahiers-du-senat\/\",\"name\":\"Cahiers du S\u00e9nat\",\"description\":\"Le blog de l&#039;actualit\u00e9 des S\u00e9nateurs MR\",\"potentialAction\":[{\"@type\":\"SearchAction\",\"target\":{\"@type\":\"EntryPoint\",\"urlTemplate\":\"https:\/\/www.mrsenat.be\/cahiers-du-senat\/?s={search_term_string}\"},\"query-input\":{\"@type\":\"PropertyValueSpecification\",\"valueRequired\":true,\"valueName\":\"search_term_string\"}}],\"inLanguage\":\"fr-FR\"},{\"@type\":\"Person\",\"@id\":\"https:\/\/www.mrsenat.be\/cahiers-du-senat\/#\/schema\/person\/6bb1851b9dcaf7ea12a60dc1d5a5885d\",\"name\":\"Thomas Daems\",\"image\":{\"@type\":\"ImageObject\",\"inLanguage\":\"fr-FR\",\"@id\":\"https:\/\/secure.gravatar.com\/avatar\/4ed54e5f073b79414638d864141fd96091fdfc10dba3815636e152a603e4ec0b?s=96&d=mm&r=g\",\"url\":\"https:\/\/secure.gravatar.com\/avatar\/4ed54e5f073b79414638d864141fd96091fdfc10dba3815636e152a603e4ec0b?s=96&d=mm&r=g\",\"contentUrl\":\"https:\/\/secure.gravatar.com\/avatar\/4ed54e5f073b79414638d864141fd96091fdfc10dba3815636e152a603e4ec0b?s=96&d=mm&r=g\",\"caption\":\"Thomas Daems\"},\"mainEntityOfPage\":{\"@id\":\"https:\/\/www.mrsenat.be\/cahiers-du-senat\/author\/daems\/\"}}]}<\/script>\n<!-- \/ Yoast SEO plugin. -->","yoast_head_json":{"title":"Thomas Daems, auteur sur Cahiers du S\u00e9nat","robots":{"index":"index","follow":"follow","max-snippet":"max-snippet:-1","max-image-preview":"max-image-preview:large","max-video-preview":"max-video-preview:-1"},"canonical":"https:\/\/www.mrsenat.be\/cahiers-du-senat\/author\/daems\/","og_locale":"fr_FR","og_type":"profile","og_title":"Thomas Daems, auteur sur Cahiers du S\u00e9nat","og_url":"https:\/\/www.mrsenat.be\/cahiers-du-senat\/author\/daems\/","og_site_name":"Cahiers du S\u00e9nat","og_image":[{"url":"https:\/\/secure.gravatar.com\/avatar\/d061a74a5a86dcea25486e6debaa78d1?s=500&d=mm&r=g","type":"","width":"","height":""}],"twitter_card":"summary_large_image","schema":{"@context":"https:\/\/schema.org","@graph":[{"@type":"ProfilePage","@id":"https:\/\/www.mrsenat.be\/cahiers-du-senat\/author\/daems\/","url":"https:\/\/www.mrsenat.be\/cahiers-du-senat\/author\/daems\/","name":"Thomas Daems, auteur sur Cahiers du S\u00e9nat","isPartOf":{"@id":"https:\/\/www.mrsenat.be\/cahiers-du-senat\/#website"},"breadcrumb":{"@id":"https:\/\/www.mrsenat.be\/cahiers-du-senat\/author\/daems\/#breadcrumb"},"inLanguage":"fr-FR","potentialAction":[{"@type":"ReadAction","target":["https:\/\/www.mrsenat.be\/cahiers-du-senat\/author\/daems\/"]}]},{"@type":"BreadcrumbList","@id":"https:\/\/www.mrsenat.be\/cahiers-du-senat\/author\/daems\/#breadcrumb","itemListElement":[{"@type":"ListItem","position":1,"name":"Accueil","item":"https:\/\/www.mrsenat.be\/cahiers-du-senat\/"},{"@type":"ListItem","position":2,"name":"Archives pour Thomas Daems"}]},{"@type":"WebSite","@id":"https:\/\/www.mrsenat.be\/cahiers-du-senat\/#website","url":"https:\/\/www.mrsenat.be\/cahiers-du-senat\/","name":"Cahiers du S\u00e9nat","description":"Le blog de l&#039;actualit\u00e9 des S\u00e9nateurs MR","potentialAction":[{"@type":"SearchAction","target":{"@type":"EntryPoint","urlTemplate":"https:\/\/www.mrsenat.be\/cahiers-du-senat\/?s={search_term_string}"},"query-input":{"@type":"PropertyValueSpecification","valueRequired":true,"valueName":"search_term_string"}}],"inLanguage":"fr-FR"},{"@type":"Person","@id":"https:\/\/www.mrsenat.be\/cahiers-du-senat\/#\/schema\/person\/6bb1851b9dcaf7ea12a60dc1d5a5885d","name":"Thomas Daems","image":{"@type":"ImageObject","inLanguage":"fr-FR","@id":"https:\/\/secure.gravatar.com\/avatar\/4ed54e5f073b79414638d864141fd96091fdfc10dba3815636e152a603e4ec0b?s=96&d=mm&r=g","url":"https:\/\/secure.gravatar.com\/avatar\/4ed54e5f073b79414638d864141fd96091fdfc10dba3815636e152a603e4ec0b?s=96&d=mm&r=g","contentUrl":"https:\/\/secure.gravatar.com\/avatar\/4ed54e5f073b79414638d864141fd96091fdfc10dba3815636e152a603e4ec0b?s=96&d=mm&r=g","caption":"Thomas Daems"},"mainEntityOfPage":{"@id":"https:\/\/www.mrsenat.be\/cahiers-du-senat\/author\/daems\/"}}]}},"_links":{"self":[{"href":"https:\/\/www.mrsenat.be\/cahiers-du-senat\/wp-json\/wp\/v2\/users\/4","targetHints":{"allow":["GET"]}}],"collection":[{"href":"https:\/\/www.mrsenat.be\/cahiers-du-senat\/wp-json\/wp\/v2\/users"}]}}